{"id":3734,"date":"2019-09-18T14:01:30","date_gmt":"2019-09-18T12:01:30","guid":{"rendered":"https:\/\/codigo21.educacion.navarra.es\/?p=3734"},"modified":"2019-09-18T14:34:39","modified_gmt":"2019-09-18T12:34:39","slug":"realidad-virtual-aumentada","status":"publish","type":"post","link":"https:\/\/codigo21.educacion.navarra.es\/eu\/2019\/09\/18\/realidad-virtual-aumentada\/","title":{"rendered":"Realidad virtual \/ aumentada"},"content":{"rendered":"\n<p>\n\nMaleta de dispositivos de realidad virtual y aumentada en el sistema de pr\u00e9stamo de <a href=\"https:\/\/codigo21.educacion.navarra.es\/\">C\u00f3digo 21<\/a>.\n\n<\/p>\n\n\n\n<p>Este curso escolar viene con una novedad en el sistema de pr\u00e9stamo de los centros de la Red de Centros de Innovaci\u00f3n en Ciencia y Tecnolog\u00eda de <a href=\"https:\/\/codigo21.educacion.navarra.es\/\">C\u00f3digo 21<\/a>. Hemos introducido un recurso nuevo. Incluimos una maleta con <strong>8 gafas para realidad virtual y aumentada.<\/strong><\/p>\n\n\n\n<div class=\"wp-block-image\"><figure class=\"aligncenter\"><img loading=\"lazy\" width=\"756\" height=\"504\" src=\"https:\/\/codigo21.educacion.navarra.es\/wp-content\/uploads\/2019\/09\/realidad.jpg\" alt=\"\" class=\"wp-image-3735\" srcset=\"https:\/\/codigo21.educacion.navarra.es\/wp-content\/uploads\/2019\/09\/realidad.jpg 756w, https:\/\/codigo21.educacion.navarra.es\/wp-content\/uploads\/2019\/09\/realidad-300x200.jpg 300w\" sizes=\"(max-width: 756px) 100vw, 756px\" \/><figcaption> Foto de alumnado de la Escuela del Arte de Pamplona de Nela Santaolalla <\/figcaption><\/figure><\/div>\n\n\n\n<p>Es un material sencillo de utilizar. Pero, para  sacar el m\u00e1ximo partido de los mismos se necesita de unos conocimientos por parte del docente. <\/p>\n\n\n\n<p>El curso pasado ofertamos el <a href=\"https:\/\/formacionprofesorado.educacion.navarra.es\/hasi\/convocatorias\/files\/NavarraRealidadVirtualyAumentadaenEducacion.pdf\">&#8220;Seminario de Realidad Virtual y Aumentada en Educaci\u00f3n&#8221;<\/a> y son los participantes que certificaron el seminario los que va a poder reservar este recurso de momento.  <\/p>\n\n\n\n<p>Os animamos a participar en la pr\u00f3xima edici\u00f3n que se convocar\u00e1 m\u00e1s adelante por el CAP de Pamplona. No obstante, os informaremos a trav\u00e9s de este blog de noticias de la convocatoria y novedades. <\/p>\n\n\n\n<p>Para todos los participantes en el seminario interesados en solicitar el pr\u00e9stamo simplemente hay que hacer la <strong>reserva a trav\u00e9s de la aplicaci\u00f3n de reservas de C\u00f3digo 21.<\/strong><\/p>\n\n\n\n<p style=\"text-align:left\">Si tu centro educativo no pertenece a la Red de Centros pod\u00e9is <strong>solicitar entrar a formar parte<\/strong> siguiendo las instrucciones que encontrar\u00e9is en: <a href=\"https:\/\/codigo21.educacion.navarra.es\/red-de-centros-de-innovacion-en-ciencia-y-tecnologia\/\">https:\/\/codigo21.educacion.navarra.es\/red-de-centros-de-innovacion-en-ciencia-y-tecnologia\/<\/a><\/p>\n","protected":false},"excerpt":{"rendered":"<p>Este curso escolar viene con una novedad en el sistema de pr\u00e9stamo de los centros de la Red de Centros de Innovaci\u00f3n en Ciencia y Tecnolog\u00eda de C\u00f3digo 21. Hemos introducido un recurso nuevo. Incluimos una maleta con 8 gafas para realidad virtual y aumentada.<\/p>\n","protected":false},"author":28,"featured_media":3737,"comment_status":"open","ping_status":"open","sticky":false,"template":"","format":"standard","meta":{"_genesis_hide_title":false,"_genesis_hide_breadcrumbs":false,"_genesis_hide_singular_image":false,"_genesis_hide_footer_widgets":false,"_genesis_custom_body_class":"","_genesis_custom_post_class":"","_genesis_layout":""},"categories":[1,39],"tags":[347,261,262],"_links":{"self":[{"href":"https:\/\/codigo21.educacion.navarra.es\/eu\/wp-json\/wp\/v2\/posts\/3734"}],"collection":[{"href":"https:\/\/codigo21.educacion.navarra.es\/eu\/wp-json\/wp\/v2\/posts"}],"about":[{"href":"https:\/\/codigo21.educacion.navarra.es\/eu\/wp-json\/wp\/v2\/types\/post"}],"author":[{"embeddable":true,"href":"https:\/\/codigo21.educacion.navarra.es\/eu\/wp-json\/wp\/v2\/users\/28"}],"replies":[{"embeddable":true,"href":"https:\/\/codigo21.educacion.navarra.es\/eu\/wp-json\/wp\/v2\/comments?post=3734"}],"version-history":[{"count":0,"href":"https:\/\/codigo21.educacion.navarra.es\/eu\/wp-json\/wp\/v2\/posts\/3734\/revisions"}],"wp:featuredmedia":[{"embeddable":true,"href":"https:\/\/codigo21.educacion.navarra.es\/eu\/wp-json\/wp\/v2\/media\/3737"}],"wp:attachment":[{"href":"https:\/\/codigo21.educacion.navarra.es\/eu\/wp-json\/wp\/v2\/media?parent=3734"}],"wp:term":[{"taxonomy":"category","embeddable":true,"href":"https:\/\/codigo21.educacion.navarra.es\/eu\/wp-json\/wp\/v2\/categories?post=3734"},{"taxonomy":"post_tag","embeddable":true,"href":"https:\/\/codigo21.educacion.navarra.es\/eu\/wp-json\/wp\/v2\/tags?post=3734"}],"curies":[{"name":"wp","href":"https:\/\/api.w.org\/{rel}","templated":true}]}}