{"id":3167,"date":"2017-10-17T13:31:01","date_gmt":"2017-10-17T11:31:01","guid":{"rendered":"http:\/\/codigo21.educacion.navarra.es\/?p=3167"},"modified":"2017-10-17T13:31:01","modified_gmt":"2017-10-17T11:31:01","slug":"somos-cientificos-sacanos-de-aqui","status":"publish","type":"post","link":"https:\/\/codigo21.educacion.navarra.es\/eu\/2017\/10\/17\/somos-cientificos-sacanos-de-aqui\/","title":{"rendered":"Somos cient\u00edficos, s\u00e1canos de aqu\u00ed"},"content":{"rendered":"<p>Vuelve<strong> <a href=\"https:\/\/somoscientificos.es\">&#8220;Somos cient\u00edficos, s\u00e1canos de aqu\u00ed&#8221;<\/a><\/strong> con una nueva actividad entre los d\u00edas <strong>6 y 17 de noviembre<\/strong>. Es una oportunidad \u00fanica para contactar con cient\u00edficos\/as y conseguir respuestas para esas preguntas dif\u00edciles que no siempre los profesores pueden responder&#8230; La participaci\u00f3n est\u00e1 abierta por un lado al alumnado de 10 a 18 a\u00f1os a trav\u00e9s de su profesor\/a.<\/p>\n<p><a href=\"https:\/\/somoscientificos.es\/\"><img loading=\"lazy\" class=\"aligncenter size-full wp-image-3168\" src=\"http:\/\/codigo21.educacion.navarra.es\/wp-content\/uploads\/2017\/10\/cient\u00edficos.png\" alt=\"Somos cient\u00edficos\" width=\"1536\" height=\"286\" srcset=\"https:\/\/codigo21.educacion.navarra.es\/wp-content\/uploads\/2017\/10\/cient\u00edficos.png 1536w, https:\/\/codigo21.educacion.navarra.es\/wp-content\/uploads\/2017\/10\/cient\u00edficos-300x56.png 300w, https:\/\/codigo21.educacion.navarra.es\/wp-content\/uploads\/2017\/10\/cient\u00edficos-768x143.png 768w, https:\/\/codigo21.educacion.navarra.es\/wp-content\/uploads\/2017\/10\/cient\u00edficos-1024x191.png 1024w, https:\/\/codigo21.educacion.navarra.es\/wp-content\/uploads\/2017\/10\/cient\u00edficos-370x69.png 370w\" sizes=\"(max-width: 1536px) 100vw, 1536px\" \/><\/a><\/p>\n<p><!--more--><\/p>\n<p><strong>\u00bfC\u00f3mo podemos participar? \u00bfQu\u00e9 hay que hacer?<\/strong><\/p>\n<p>El profesor\/a tiene que registrarse en la plataforma:\u00a0<a href=\"https:\/\/somoscientificos.es\/profesores\/\">https:\/\/somoscientificos.es\/profesores\/<\/a>\u00a0\u00a0y dar informaci\u00f3n sobre el grupo o grupos con los que vas a participar. Hay que darse prisa porque el mero hecho de hacer la inscripci\u00f3n no garantiza una plaza en la actividad.\u00a0 Una vez hecho el registro tendremos que esperar a recibir un correo electr\u00f3nico en el que se nos invitar\u00e1 a participar en la actividad.<\/p>\n<p>Cuando tengamos\u00a0 nuestra plaza confirmada podremos hacer uso de todo el material did\u00e1ctico que nos ofrece<a href=\"https:\/\/www.educaixa.com\/\"> eduCaixa <\/a>para trabajar previamente en clase los temas que m\u00e1s nos interesan y aprovechar al m\u00e1ximo el chat con los expertos\/as, as\u00ed como notas para el profesor\/a y una invitaci\u00f3n a una sesi\u00f3n de orientaci\u00f3n on-line para informar sobre la actividad.<\/p>\n<p>Podemos elegir entre <strong>6 zonas<\/strong> que cuentan con<strong> 5 expertos cada una<\/strong> de ellas. Cada zona trata de <strong>varias tem\u00e1ticas,<\/strong> todas muy interesantes y\u00a0 motivadoras, que van desde robots sociales, a los cad\u00e1veres de las estrellas pasando por los volcanes submarinos. Seguro que alguno de los temas que se tratar\u00e1n se ajusta a los proyectos que llev\u00e1is a cabo en las aulas\u00a0 y que esta actividad se convertir\u00e1 en un recurso muy \u00fatil y enriquecedor.<\/p>\n<ul>\n<li><a href=\"https:\/\/aluminio.somoscientificos.es\/\">Zona Aluminio<\/a><\/li>\n<li><a href=\"https:\/\/magnesio.somoscientificos.es\/\">Zona Magnesio<\/a><\/li>\n<li><a href=\"https:\/\/medica.somoscientificos.es\/\">Zona Medicamentos<\/a><\/li>\n<li><a href=\"https:\/\/mncn.somoscientificos.es\/\">Zona Museo de Ciencias Naturales<\/a><\/li>\n<li><a href=\"https:\/\/neon.somoscientificos.es\/\">Zona Ne\u00f3n<\/a><\/li>\n<li><a href=\"https:\/\/sodio.somoscientificos.es\/\">Zona Sodio<\/a><\/li>\n<\/ul>\n<p>Una vez tenemos seleccionada la zona que m\u00e1s nos interesa tenemos <strong>30 minutos para charlar<\/strong>\u00a0con los 5 expertos\/as y presentarles nuestras dudas y curiosidades para que nos den respuesta.<\/p>\n<p>Despu\u00e9s de participar en el chat con los cient\u00edficos\/as hay que <strong>votar por el preferido<\/strong>, por el que mejor ha respondido, por el m\u00e1s did\u00e1ctico&#8230; y el ganador se llevar\u00e1 una premio econ\u00f3mico para divulgar su trabajo.<\/p>\n<p>Es una actividad totalmente <strong>gratuita y segura<\/strong> puesto que no se comparten datos personales y todos los comentarios son moderados previa publicaci\u00f3n. Los chats son de texto, no se necesita audio ni c\u00e1mara para participar, solo conexi\u00f3n a Internet.<\/p>\n<p>En este v\u00eddeo alumnado y profesorado cuentan su experiencia:<\/p>\n<p><iframe loading=\"lazy\" width=\"800\" height=\"450\" src=\"https:\/\/www.youtube.com\/embed\/NIOzZXA7E7k?feature=oembed\" frameborder=\"0\" allowfullscreen><\/iframe><\/p>\n<h6>La imagen utilizada es una captura de pantalla de la p\u00e1gina:\u00a0<a href=\"https:\/\/somoscientificos.es\">https:\/\/somoscientificos.es<\/a>\u00a0,y el v\u00eddeo tambi\u00e9n se puede encontrar en esta p\u00e1gina de &#8220;Somos cient\u00edficos, s\u00e1canos de aqu\u00ed&#8221;.<\/h6>\n","protected":false},"excerpt":{"rendered":"<p>Vuelve &#8220;Somos cient\u00edficos, s\u00e1canos de aqu\u00ed&#8221; con una nueva actividad entre los d\u00edas 6 y 17 de noviembre. Es una oportunidad \u00fanica para contactar con cient\u00edficos\/as y conseguir respuestas para esas preguntas dif\u00edciles que no siempre los profesores pueden responder&#8230; La participaci\u00f3n est\u00e1 abierta por un lado al alumnado de 10 a 18 a\u00f1os a [&hellip;]<\/p>\n","protected":false},"author":28,"featured_media":3168,"comment_status":"open","ping_status":"open","sticky":false,"template":"","format":"standard","meta":{"_genesis_hide_title":false,"_genesis_hide_breadcrumbs":false,"_genesis_hide_singular_image":false,"_genesis_hide_footer_widgets":false,"_genesis_custom_body_class":"","_genesis_custom_post_class":"","_genesis_layout":""},"categories":[1,39],"tags":[457,139,455,454,456,453],"_links":{"self":[{"href":"https:\/\/codigo21.educacion.navarra.es\/eu\/wp-json\/wp\/v2\/posts\/3167"}],"collection":[{"href":"https:\/\/codigo21.educacion.navarra.es\/eu\/wp-json\/wp\/v2\/posts"}],"about":[{"href":"https:\/\/codigo21.educacion.navarra.es\/eu\/wp-json\/wp\/v2\/types\/post"}],"author":[{"embeddable":true,"href":"https:\/\/codigo21.educacion.navarra.es\/eu\/wp-json\/wp\/v2\/users\/28"}],"replies":[{"embeddable":true,"href":"https:\/\/codigo21.educacion.navarra.es\/eu\/wp-json\/wp\/v2\/comments?post=3167"}],"version-history":[{"count":0,"href":"https:\/\/codigo21.educacion.navarra.es\/eu\/wp-json\/wp\/v2\/posts\/3167\/revisions"}],"wp:featuredmedia":[{"embeddable":true,"href":"https:\/\/codigo21.educacion.navarra.es\/eu\/wp-json\/wp\/v2\/media\/3168"}],"wp:attachment":[{"href":"https:\/\/codigo21.educacion.navarra.es\/eu\/wp-json\/wp\/v2\/media?parent=3167"}],"wp:term":[{"taxonomy":"category","embeddable":true,"href":"https:\/\/codigo21.educacion.navarra.es\/eu\/wp-json\/wp\/v2\/categories?post=3167"},{"taxonomy":"post_tag","embeddable":true,"href":"https:\/\/codigo21.educacion.navarra.es\/eu\/wp-json\/wp\/v2\/tags?post=3167"}],"curies":[{"name":"wp","href":"https:\/\/api.w.org\/{rel}","templated":true}]}}