{"id":3144,"date":"2017-10-03T14:47:00","date_gmt":"2017-10-03T12:47:00","guid":{"rendered":"http:\/\/codigo21.educacion.navarra.es\/?p=3144"},"modified":"2017-10-03T14:57:53","modified_gmt":"2017-10-03T12:57:53","slug":"seminarios-de-programacion-y-robotica-para-docentes-de-primaria-y-secundaria","status":"publish","type":"post","link":"https:\/\/codigo21.educacion.navarra.es\/eu\/2017\/10\/03\/seminarios-de-programacion-y-robotica-para-docentes-de-primaria-y-secundaria\/","title":{"rendered":"Seminarios de programaci\u00f3n y rob\u00f3tica para docentes de Primaria y Secundaria"},"content":{"rendered":"<p>La <strong>Secci\u00f3n de Integraci\u00f3n y Explotaci\u00f3n de las Tecnolog\u00edas Educativas<\/strong> con la colaboraci\u00f3n de los asesores de tecnolog\u00edas educativa del CAP de Pamplona convocamos dos <strong>Seminarios de Rob\u00f3tica Educativa y su Did\u00e1ctica,<\/strong> uno para docentes de Educaci\u00f3n Infantil y Primaria y el otro para Educaci\u00f3n Secundaria, incluida la FP. La <strong>inscripci\u00f3n est\u00e1 abierta hasta el d\u00eda 5 de octubre<\/strong> y todav\u00eda quedan plazas para el de Educaci\u00f3n Primaria.<\/p>\n<p><img loading=\"lazy\" class=\"aligncenter size-full wp-image-2961\" src=\"http:\/\/codigo21.educacion.navarra.es\/wp-content\/uploads\/2015\/10\/mbot-1.jpg\" alt=\"mBot\" width=\"300\" height=\"300\" srcset=\"https:\/\/codigo21.educacion.navarra.es\/wp-content\/uploads\/2015\/10\/mbot-1.jpg 300w, https:\/\/codigo21.educacion.navarra.es\/wp-content\/uploads\/2015\/10\/mbot-1-150x150.jpg 150w, https:\/\/codigo21.educacion.navarra.es\/wp-content\/uploads\/2015\/10\/mbot-1-100x100.jpg 100w, https:\/\/codigo21.educacion.navarra.es\/wp-content\/uploads\/2015\/10\/mbot-1-171x171.jpg 171w\" sizes=\"(max-width: 300px) 100vw, 300px\" \/><\/p>\n<p><!--more--><\/p>\n<p>Se puede hacer la inscripci\u00f3n desde la p\u00e1gina <a href=\"http:\/\/formacionprofesorado.educacion.navarra.es\">http:\/\/formacionprofesorado.educacion.navarra.es<\/a>\u00a0o directamente desde este enlace:\u00a0<a href=\"http:\/\/formacionprofesorado.educacion.navarra.es\/web\/inscripciones-2\/\">http:\/\/formacionprofesorado.educacion.navarra.es\/web\/inscripciones-2\/<\/a><\/p>\n<p>Son <strong>cursos abiertos a todos los docentes<\/strong>, sin importar la asignatura que impartan o el puesto que tengan en el centro. Con la programaci\u00f3n y la rob\u00f3tica trabajamos y desarrollamos la competencia digital del alumnado y esta es una tarea interdisciplinar, podemos incluirla en cualquier \u00e1rea, momento o proyecto.<\/p>\n<p>En caso de que la demanda sea mayor que la oferta se seguir\u00e1n los siguientes <strong>criterios para adjudicar las plazas:<\/strong><\/p>\n<ul>\n<li>Profesorado de los centros miembros de la <a href=\"https:\/\/codigo21.educacion.navarra.es\/red-de-centros-de-innovacion-en-ciencia-y-tecnologia\/\">Red de Centros de Innovaci\u00f3n en\u00a0Ciencia y Tecnolog\u00eda.<\/a><\/li>\n<li>El profesorado que no haya participado en el mismo seminario en cursos\u00a0anteriores tendr\u00e1 preferencia.<\/li>\n<li>Orden de inscripci\u00f3n.<\/li>\n<\/ul>\n<p>En el caso del seminario de Infantil y Primaria se dar\u00e1 prioridad al profesorado que de clase en grupos de 3\u00ba, 4\u00ba, 5\u00ba y 6\u00ba de Primaria.<\/p>\n<p>Los dos seminarios <strong>certifican 30 horas,<\/strong> parte presencial y parte de trabajo personal. Las sesiones presenciales ser\u00e1n en el <a href=\"http:\/\/www.pamplonetario.org\/\">Planetario de Pamplona<\/a> de 17:30 a 20:00. La <strong>primera sesi\u00f3n<\/strong> ser\u00e1 com\u00fan a ambos seminarios y se tratar\u00e1 de una <strong>videoconferencia<\/strong> con<strong> Miguel \u00c1ngel Ariza<\/strong> de <a href=\"http:\/\/conecta13.com\/\">Conecta 13<\/a>, experto en trabajo por proyectos que nos har\u00e1 una introducci\u00f3n a esta forma de trabajar para que luego lo apliquemos en nuestro proyecto.<\/p>\n<p>Para m\u00e1s informaci\u00f3n pod\u00e9is echar un vistazo a las convocatorias en la p\u00e1gina de formaci\u00f3n del profesorado de navarra dentro de competencia digital.<\/p>\n<p>&nbsp;<\/p>\n","protected":false},"excerpt":{"rendered":"<p>La Secci\u00f3n de Integraci\u00f3n y Explotaci\u00f3n de las Tecnolog\u00edas Educativas con la colaboraci\u00f3n de los asesores de tecnolog\u00edas educativa del CAP de Pamplona convocamos dos Seminarios de Rob\u00f3tica Educativa y su Did\u00e1ctica, uno para docentes de Educaci\u00f3n Infantil y Primaria y el otro para Educaci\u00f3n Secundaria, incluida la FP. La inscripci\u00f3n est\u00e1 abierta hasta el [&hellip;]<\/p>\n","protected":false},"author":28,"featured_media":2961,"comment_status":"open","ping_status":"open","sticky":false,"template":"","format":"standard","meta":{"_genesis_hide_title":false,"_genesis_hide_breadcrumbs":false,"_genesis_hide_singular_image":false,"_genesis_hide_footer_widgets":false,"_genesis_custom_body_class":"","_genesis_custom_post_class":"","_genesis_layout":""},"categories":[24,1],"tags":[445,363,221,37,218],"_links":{"self":[{"href":"https:\/\/codigo21.educacion.navarra.es\/eu\/wp-json\/wp\/v2\/posts\/3144"}],"collection":[{"href":"https:\/\/codigo21.educacion.navarra.es\/eu\/wp-json\/wp\/v2\/posts"}],"about":[{"href":"https:\/\/codigo21.educacion.navarra.es\/eu\/wp-json\/wp\/v2\/types\/post"}],"author":[{"embeddable":true,"href":"https:\/\/codigo21.educacion.navarra.es\/eu\/wp-json\/wp\/v2\/users\/28"}],"replies":[{"embeddable":true,"href":"https:\/\/codigo21.educacion.navarra.es\/eu\/wp-json\/wp\/v2\/comments?post=3144"}],"version-history":[{"count":0,"href":"https:\/\/codigo21.educacion.navarra.es\/eu\/wp-json\/wp\/v2\/posts\/3144\/revisions"}],"wp:featuredmedia":[{"embeddable":true,"href":"https:\/\/codigo21.educacion.navarra.es\/eu\/wp-json\/wp\/v2\/media\/2961"}],"wp:attachment":[{"href":"https:\/\/codigo21.educacion.navarra.es\/eu\/wp-json\/wp\/v2\/media?parent=3144"}],"wp:term":[{"taxonomy":"category","embeddable":true,"href":"https:\/\/codigo21.educacion.navarra.es\/eu\/wp-json\/wp\/v2\/categories?post=3144"},{"taxonomy":"post_tag","embeddable":true,"href":"https:\/\/codigo21.educacion.navarra.es\/eu\/wp-json\/wp\/v2\/tags?post=3144"}],"curies":[{"name":"wp","href":"https:\/\/api.w.org\/{rel}","templated":true}]}}